{"id":348,"date":"2022-01-27T18:24:57","date_gmt":"2022-01-27T18:24:57","guid":{"rendered":"https:\/\/www.acumieira.com\/?p=348"},"modified":"2024-12-26T22:23:55","modified_gmt":"2024-12-26T22:23:55","slug":"inscricao-sad-apoio-domiciliario","status":"publish","type":"post","link":"https:\/\/www.acumieira.com\/index.php\/2022\/01\/27\/inscricao-sad-apoio-domiciliario\/","title":{"rendered":"Inscri\u00e7\u00e3o &#8211; SAD (Apoio Domicili\u00e1rio)"},"content":{"rendered":"<table style=\"border-collapse: collapse; width: 100%;\">\n<tbody>\n<tr>\n<td style=\"width: 50%;\">\n<div class=\"wpcf7 no-js\" id=\"wpcf7-f324-o1\" lang=\"pt-PT\" dir=\"ltr\" data-wpcf7-id=\"324\">\n<div class=\"screen-reader-response\"><p role=\"status\" aria-live=\"polite\" aria-atomic=\"true\"><\/p> <ul><\/ul><\/div>\n<form action=\"\/index.php\/wp-json\/wp\/v2\/posts\/348#wpcf7-f324-o1\" method=\"post\" class=\"wpcf7-form init\" aria-label=\"Formul\u00e1rio de contacto\" novalidate=\"novalidate\" data-status=\"init\">\n<fieldset class=\"hidden-fields-container\"><input type=\"hidden\" name=\"_wpcf7\" value=\"324\" \/><input type=\"hidden\" name=\"_wpcf7_version\" value=\"6.1.5\" \/><input type=\"hidden\" name=\"_wpcf7_locale\" value=\"pt_PT\" \/><input type=\"hidden\" name=\"_wpcf7_unit_tag\" value=\"wpcf7-f324-o1\" \/><input type=\"hidden\" name=\"_wpcf7_container_post\" value=\"0\" \/><input type=\"hidden\" name=\"_wpcf7_posted_data_hash\" value=\"\" \/><input type=\"hidden\" name=\"_wpcf7_recaptcha_response\" value=\"\" \/>\n<\/fieldset>\n<p><label> Nome do utente:<br \/>\n<span class=\"wpcf7-form-control-wrap\" data-name=\"your-name\"><input size=\"40\" maxlength=\"400\" class=\"wpcf7-form-control wpcf7-text wpcf7-validates-as-required\" aria-required=\"true\" aria-invalid=\"false\" value=\"\" type=\"text\" name=\"your-name\" \/><\/span> <\/label>\n<\/p>\n<p><label> Morada do utente:<br \/>\n<span class=\"wpcf7-form-control-wrap\" data-name=\"your-adress\"><input size=\"40\" maxlength=\"400\" class=\"wpcf7-form-control wpcf7-text wpcf7-validates-as-required\" aria-required=\"true\" aria-invalid=\"false\" value=\"\" type=\"text\" name=\"your-adress\" \/><\/span> <\/label>\n<\/p>\n<p><label> Nome do respons\u00e1vel:<br \/>\n<span class=\"wpcf7-form-control-wrap\" data-name=\"your-name2\"><input size=\"40\" maxlength=\"400\" class=\"wpcf7-form-control wpcf7-text wpcf7-validates-as-required\" aria-required=\"true\" aria-invalid=\"false\" value=\"\" type=\"text\" name=\"your-name2\" \/><\/span> <\/label>\n<\/p>\n<p><label> Contacto do respons\u00e1vel:<br \/>\n<span class=\"wpcf7-form-control-wrap\" data-name=\"your-phone\"><input size=\"40\" maxlength=\"400\" class=\"wpcf7-form-control wpcf7-text wpcf7-validates-as-required\" aria-required=\"true\" aria-invalid=\"false\" value=\"\" type=\"text\" name=\"your-phone\" \/><\/span> <\/label>\n<\/p>\n<p><label> Email do respos\u00e1vel:<br \/>\n<span class=\"wpcf7-form-control-wrap\" data-name=\"your-email\"><input size=\"40\" maxlength=\"400\" class=\"wpcf7-form-control wpcf7-email wpcf7-validates-as-required wpcf7-text wpcf7-validates-as-email\" aria-required=\"true\" aria-invalid=\"false\" value=\"\" type=\"email\" name=\"your-email\" \/><\/span> <\/label>\n<\/p>\n<p><label> Estado Geral do utente:<br \/>\n<span class=\"wpcf7-form-control-wrap\" data-name=\"your-message\"><textarea cols=\"40\" rows=\"10\" maxlength=\"2000\" class=\"wpcf7-form-control wpcf7-textarea\" aria-invalid=\"false\" name=\"your-message\"><\/textarea><\/span> <\/label>\n<\/p>\n\n<p><input class=\"wpcf7-form-control wpcf7-submit has-spinner\" type=\"submit\" value=\"Submeter\" \/>\n<\/p><p style=\"display: none !important;\" class=\"akismet-fields-container\" data-prefix=\"_wpcf7_ak_\"><label>&#916;<textarea name=\"_wpcf7_ak_hp_textarea\" cols=\"45\" rows=\"8\" maxlength=\"100\"><\/textarea><\/label><input type=\"hidden\" id=\"ak_js_1\" name=\"_wpcf7_ak_js\" value=\"239\"\/><script>\ndocument.getElementById( \"ak_js_1\" ).setAttribute( \"value\", ( new Date() ).getTime() );\n<\/script>\n<\/p><div class=\"wpcf7-response-output\" aria-hidden=\"true\"><\/div>\n<\/form>\n<\/div>\n<\/td>\n<td style=\"width: 50%;\"><img loading=\"lazy\" decoding=\"async\" class=\"alignnone wp-image-135\" src=\"https:\/\/www.acumieira.com\/wp-content\/uploads\/2022\/01\/Logotipo-novo-1-240x300.jpg\" alt=\"\" width=\"366\" height=\"458\" srcset=\"https:\/\/www.acumieira.com\/wp-content\/uploads\/2022\/01\/Logotipo-novo-1-240x300.jpg 240w, https:\/\/www.acumieira.com\/wp-content\/uploads\/2022\/01\/Logotipo-novo-1-820x1024.jpg 820w, https:\/\/www.acumieira.com\/wp-content\/uploads\/2022\/01\/Logotipo-novo-1-768x960.jpg 768w, https:\/\/www.acumieira.com\/wp-content\/uploads\/2022\/01\/Logotipo-novo-1-1229x1536.jpg 1229w, https:\/\/www.acumieira.com\/wp-content\/uploads\/2022\/01\/Logotipo-novo-1-1639x2048.jpg 1639w\" sizes=\"auto, (max-width: 366px) 100vw, 366px\" \/><\/td>\n<\/tr>\n<\/tbody>\n<\/table>\n","protected":false},"excerpt":{"rendered":"","protected":false},"author":1,"featured_media":0,"comment_status":"closed","ping_status":"closed","sticky":false,"template":"","format":"standard","meta":{"footnotes":""},"categories":[1],"tags":[],"class_list":["post-348","post","type-post","status-publish","format-standard","hentry","category-uncategorized"],"yoast_head":"<!-- This site is optimized with the Yoast SEO plugin v27.5 - https:\/\/yoast.com\/product\/yoast-seo-wordpress\/ -->\r\n<title>Inscri\u00e7\u00e3o - SAD (Apoio Domicili\u00e1rio) - Associa\u00e7\u00e3o S\u00f3cio-Cultural, Recreativa e Educativa de Cumieira e Circunvizinhas<\/title>\r\n<meta name=\"robots\" content=\"index, follow, max-snippet:-1, max-image-preview:large, max-video-preview:-1\" \/>\r\n<link rel=\"canonical\" href=\"https:\/\/www.acumieira.com\/index.php\/2022\/01\/27\/inscricao-sad-apoio-domiciliario\/\" \/>\r\n<meta property=\"og:locale\" content=\"pt_PT\" \/>\r\n<meta property=\"og:type\" content=\"article\" \/>\r\n<meta property=\"og:title\" content=\"Inscri\u00e7\u00e3o - SAD (Apoio Domicili\u00e1rio) - Associa\u00e7\u00e3o S\u00f3cio-Cultural, Recreativa e Educativa de Cumieira e Circunvizinhas\" \/>\r\n<meta property=\"og:url\" content=\"https:\/\/www.acumieira.com\/index.php\/2022\/01\/27\/inscricao-sad-apoio-domiciliario\/\" \/>\r\n<meta property=\"og:site_name\" content=\"Associa\u00e7\u00e3o S\u00f3cio-Cultural, Recreativa e Educativa de Cumieira e Circunvizinhas\" \/>\r\n<meta property=\"article:published_time\" content=\"2022-01-27T18:24:57+00:00\" \/>\r\n<meta property=\"article:modified_time\" content=\"2024-12-26T22:23:55+00:00\" \/>\r\n<meta property=\"og:image\" content=\"https:\/\/www.acumieira.com\/wp-content\/uploads\/2022\/01\/Logotipo-novo-1-scaled.jpg\" \/>\r\n\t<meta property=\"og:image:width\" content=\"2049\" \/>\r\n\t<meta property=\"og:image:height\" content=\"2560\" \/>\r\n\t<meta property=\"og:image:type\" content=\"image\/jpeg\" \/>\r\n<meta name=\"author\" content=\"admin\" \/>\r\n<meta name=\"twitter:card\" content=\"summary_large_image\" \/>\r\n<meta name=\"twitter:label1\" content=\"Escrito por\" \/>\n\t<meta name=\"twitter:data1\" content=\"\" \/>\n\t<meta name=\"twitter:label2\" content=\"Tempo estimado de leitura\" \/>\n\t<meta name=\"twitter:data2\" content=\"1 minuto\" \/>\r\n<script type=\"application\/ld+json\" class=\"yoast-schema-graph\">{\"@context\":\"https:\\\/\\\/schema.org\",\"@graph\":[{\"@type\":\"Article\",\"@id\":\"https:\\\/\\\/www.acumieira.com\\\/index.php\\\/2022\\\/01\\\/27\\\/inscricao-sad-apoio-domiciliario\\\/#article\",\"isPartOf\":{\"@id\":\"https:\\\/\\\/www.acumieira.com\\\/index.php\\\/2022\\\/01\\\/27\\\/inscricao-sad-apoio-domiciliario\\\/\"},\"author\":{\"name\":\"admin\",\"@id\":\"https:\\\/\\\/www.acumieira.com\\\/#\\\/schema\\\/person\\\/8170d60c9c62fc85332eca5f4b59a1a0\"},\"headline\":\"Inscri\u00e7\u00e3o &#8211; SAD (Apoio Domicili\u00e1rio)\",\"datePublished\":\"2022-01-27T18:24:57+00:00\",\"dateModified\":\"2024-12-26T22:23:55+00:00\",\"mainEntityOfPage\":{\"@id\":\"https:\\\/\\\/www.acumieira.com\\\/index.php\\\/2022\\\/01\\\/27\\\/inscricao-sad-apoio-domiciliario\\\/\"},\"wordCount\":17,\"image\":{\"@id\":\"https:\\\/\\\/www.acumieira.com\\\/index.php\\\/2022\\\/01\\\/27\\\/inscricao-sad-apoio-domiciliario\\\/#primaryimage\"},\"thumbnailUrl\":\"https:\\\/\\\/www.acumieira.com\\\/wp-content\\\/uploads\\\/2022\\\/01\\\/Logotipo-novo-1-240x300.jpg\",\"articleSection\":[\"Uncategorized\"],\"inLanguage\":\"pt-PT\"},{\"@type\":\"WebPage\",\"@id\":\"https:\\\/\\\/www.acumieira.com\\\/index.php\\\/2022\\\/01\\\/27\\\/inscricao-sad-apoio-domiciliario\\\/\",\"url\":\"https:\\\/\\\/www.acumieira.com\\\/index.php\\\/2022\\\/01\\\/27\\\/inscricao-sad-apoio-domiciliario\\\/\",\"name\":\"Inscri\u00e7\u00e3o - SAD (Apoio Domicili\u00e1rio) - Associa\u00e7\u00e3o S\u00f3cio-Cultural, Recreativa e Educativa de Cumieira e Circunvizinhas\",\"isPartOf\":{\"@id\":\"https:\\\/\\\/www.acumieira.com\\\/#website\"},\"primaryImageOfPage\":{\"@id\":\"https:\\\/\\\/www.acumieira.com\\\/index.php\\\/2022\\\/01\\\/27\\\/inscricao-sad-apoio-domiciliario\\\/#primaryimage\"},\"image\":{\"@id\":\"https:\\\/\\\/www.acumieira.com\\\/index.php\\\/2022\\\/01\\\/27\\\/inscricao-sad-apoio-domiciliario\\\/#primaryimage\"},\"thumbnailUrl\":\"https:\\\/\\\/www.acumieira.com\\\/wp-content\\\/uploads\\\/2022\\\/01\\\/Logotipo-novo-1-240x300.jpg\",\"datePublished\":\"2022-01-27T18:24:57+00:00\",\"dateModified\":\"2024-12-26T22:23:55+00:00\",\"author\":{\"@id\":\"https:\\\/\\\/www.acumieira.com\\\/#\\\/schema\\\/person\\\/8170d60c9c62fc85332eca5f4b59a1a0\"},\"breadcrumb\":{\"@id\":\"https:\\\/\\\/www.acumieira.com\\\/index.php\\\/2022\\\/01\\\/27\\\/inscricao-sad-apoio-domiciliario\\\/#breadcrumb\"},\"inLanguage\":\"pt-PT\",\"potentialAction\":[{\"@type\":\"ReadAction\",\"target\":[\"https:\\\/\\\/www.acumieira.com\\\/index.php\\\/2022\\\/01\\\/27\\\/inscricao-sad-apoio-domiciliario\\\/\"]}]},{\"@type\":\"ImageObject\",\"inLanguage\":\"pt-PT\",\"@id\":\"https:\\\/\\\/www.acumieira.com\\\/index.php\\\/2022\\\/01\\\/27\\\/inscricao-sad-apoio-domiciliario\\\/#primaryimage\",\"url\":\"https:\\\/\\\/www.acumieira.com\\\/wp-content\\\/uploads\\\/2022\\\/01\\\/Logotipo-novo-1-scaled.jpg\",\"contentUrl\":\"https:\\\/\\\/www.acumieira.com\\\/wp-content\\\/uploads\\\/2022\\\/01\\\/Logotipo-novo-1-scaled.jpg\",\"width\":2049,\"height\":2560},{\"@type\":\"BreadcrumbList\",\"@id\":\"https:\\\/\\\/www.acumieira.com\\\/index.php\\\/2022\\\/01\\\/27\\\/inscricao-sad-apoio-domiciliario\\\/#breadcrumb\",\"itemListElement\":[{\"@type\":\"ListItem\",\"position\":1,\"name\":\"In\u00edcio\",\"item\":\"https:\\\/\\\/www.acumieira.com\\\/\"},{\"@type\":\"ListItem\",\"position\":2,\"name\":\"Inscri\u00e7\u00e3o &#8211; SAD (Apoio Domicili\u00e1rio)\"}]},{\"@type\":\"WebSite\",\"@id\":\"https:\\\/\\\/www.acumieira.com\\\/#website\",\"url\":\"https:\\\/\\\/www.acumieira.com\\\/\",\"name\":\"Associa\u00e7\u00e3o S\u00f3cio-Cultural, Recreativa e Educativa de Cumieira e Circunvizinhas\",\"description\":\"\",\"potentialAction\":[{\"@type\":\"SearchAction\",\"target\":{\"@type\":\"EntryPoint\",\"urlTemplate\":\"https:\\\/\\\/www.acumieira.com\\\/?s={search_term_string}\"},\"query-input\":{\"@type\":\"PropertyValueSpecification\",\"valueRequired\":true,\"valueName\":\"search_term_string\"}}],\"inLanguage\":\"pt-PT\"},{\"@type\":\"Person\",\"@id\":\"https:\\\/\\\/www.acumieira.com\\\/#\\\/schema\\\/person\\\/8170d60c9c62fc85332eca5f4b59a1a0\",\"name\":\"admin\",\"sameAs\":[\"https:\\\/\\\/www.acumieira.com\"],\"url\":\"https:\\\/\\\/www.acumieira.com\\\/index.php\\\/author\\\/su3449n8\\\/\"}]}<\/script>\r\n<!-- \/ Yoast SEO plugin. -->","yoast_head_json":{"title":"Inscri\u00e7\u00e3o - SAD (Apoio Domicili\u00e1rio) - Associa\u00e7\u00e3o S\u00f3cio-Cultural, Recreativa e Educativa de Cumieira e Circunvizinhas","robots":{"index":"index","follow":"follow","max-snippet":"max-snippet:-1","max-image-preview":"max-image-preview:large","max-video-preview":"max-video-preview:-1"},"canonical":"https:\/\/www.acumieira.com\/index.php\/2022\/01\/27\/inscricao-sad-apoio-domiciliario\/","og_locale":"pt_PT","og_type":"article","og_title":"Inscri\u00e7\u00e3o - SAD (Apoio Domicili\u00e1rio) - Associa\u00e7\u00e3o S\u00f3cio-Cultural, Recreativa e Educativa de Cumieira e Circunvizinhas","og_url":"https:\/\/www.acumieira.com\/index.php\/2022\/01\/27\/inscricao-sad-apoio-domiciliario\/","og_site_name":"Associa\u00e7\u00e3o S\u00f3cio-Cultural, Recreativa e Educativa de Cumieira e Circunvizinhas","article_published_time":"2022-01-27T18:24:57+00:00","article_modified_time":"2024-12-26T22:23:55+00:00","og_image":[{"width":2049,"height":2560,"url":"https:\/\/www.acumieira.com\/wp-content\/uploads\/2022\/01\/Logotipo-novo-1-scaled.jpg","type":"image\/jpeg"}],"author":"admin","twitter_card":"summary_large_image","twitter_misc":{"Escrito por":false,"Tempo estimado de leitura":"1 minuto"},"schema":{"@context":"https:\/\/schema.org","@graph":[{"@type":"Article","@id":"https:\/\/www.acumieira.com\/index.php\/2022\/01\/27\/inscricao-sad-apoio-domiciliario\/#article","isPartOf":{"@id":"https:\/\/www.acumieira.com\/index.php\/2022\/01\/27\/inscricao-sad-apoio-domiciliario\/"},"author":{"name":"admin","@id":"https:\/\/www.acumieira.com\/#\/schema\/person\/8170d60c9c62fc85332eca5f4b59a1a0"},"headline":"Inscri\u00e7\u00e3o &#8211; SAD (Apoio Domicili\u00e1rio)","datePublished":"2022-01-27T18:24:57+00:00","dateModified":"2024-12-26T22:23:55+00:00","mainEntityOfPage":{"@id":"https:\/\/www.acumieira.com\/index.php\/2022\/01\/27\/inscricao-sad-apoio-domiciliario\/"},"wordCount":17,"image":{"@id":"https:\/\/www.acumieira.com\/index.php\/2022\/01\/27\/inscricao-sad-apoio-domiciliario\/#primaryimage"},"thumbnailUrl":"https:\/\/www.acumieira.com\/wp-content\/uploads\/2022\/01\/Logotipo-novo-1-240x300.jpg","articleSection":["Uncategorized"],"inLanguage":"pt-PT"},{"@type":"WebPage","@id":"https:\/\/www.acumieira.com\/index.php\/2022\/01\/27\/inscricao-sad-apoio-domiciliario\/","url":"https:\/\/www.acumieira.com\/index.php\/2022\/01\/27\/inscricao-sad-apoio-domiciliario\/","name":"Inscri\u00e7\u00e3o - SAD (Apoio Domicili\u00e1rio) - Associa\u00e7\u00e3o S\u00f3cio-Cultural, Recreativa e Educativa de Cumieira e Circunvizinhas","isPartOf":{"@id":"https:\/\/www.acumieira.com\/#website"},"primaryImageOfPage":{"@id":"https:\/\/www.acumieira.com\/index.php\/2022\/01\/27\/inscricao-sad-apoio-domiciliario\/#primaryimage"},"image":{"@id":"https:\/\/www.acumieira.com\/index.php\/2022\/01\/27\/inscricao-sad-apoio-domiciliario\/#primaryimage"},"thumbnailUrl":"https:\/\/www.acumieira.com\/wp-content\/uploads\/2022\/01\/Logotipo-novo-1-240x300.jpg","datePublished":"2022-01-27T18:24:57+00:00","dateModified":"2024-12-26T22:23:55+00:00","author":{"@id":"https:\/\/www.acumieira.com\/#\/schema\/person\/8170d60c9c62fc85332eca5f4b59a1a0"},"breadcrumb":{"@id":"https:\/\/www.acumieira.com\/index.php\/2022\/01\/27\/inscricao-sad-apoio-domiciliario\/#breadcrumb"},"inLanguage":"pt-PT","potentialAction":[{"@type":"ReadAction","target":["https:\/\/www.acumieira.com\/index.php\/2022\/01\/27\/inscricao-sad-apoio-domiciliario\/"]}]},{"@type":"ImageObject","inLanguage":"pt-PT","@id":"https:\/\/www.acumieira.com\/index.php\/2022\/01\/27\/inscricao-sad-apoio-domiciliario\/#primaryimage","url":"https:\/\/www.acumieira.com\/wp-content\/uploads\/2022\/01\/Logotipo-novo-1-scaled.jpg","contentUrl":"https:\/\/www.acumieira.com\/wp-content\/uploads\/2022\/01\/Logotipo-novo-1-scaled.jpg","width":2049,"height":2560},{"@type":"BreadcrumbList","@id":"https:\/\/www.acumieira.com\/index.php\/2022\/01\/27\/inscricao-sad-apoio-domiciliario\/#breadcrumb","itemListElement":[{"@type":"ListItem","position":1,"name":"In\u00edcio","item":"https:\/\/www.acumieira.com\/"},{"@type":"ListItem","position":2,"name":"Inscri\u00e7\u00e3o &#8211; SAD (Apoio Domicili\u00e1rio)"}]},{"@type":"WebSite","@id":"https:\/\/www.acumieira.com\/#website","url":"https:\/\/www.acumieira.com\/","name":"Associa\u00e7\u00e3o S\u00f3cio-Cultural, Recreativa e Educativa de Cumieira e Circunvizinhas","description":"","potentialAction":[{"@type":"SearchAction","target":{"@type":"EntryPoint","urlTemplate":"https:\/\/www.acumieira.com\/?s={search_term_string}"},"query-input":{"@type":"PropertyValueSpecification","valueRequired":true,"valueName":"search_term_string"}}],"inLanguage":"pt-PT"},{"@type":"Person","@id":"https:\/\/www.acumieira.com\/#\/schema\/person\/8170d60c9c62fc85332eca5f4b59a1a0","name":"admin","sameAs":["https:\/\/www.acumieira.com"],"url":"https:\/\/www.acumieira.com\/index.php\/author\/su3449n8\/"}]}},"_links":{"self":[{"href":"https:\/\/www.acumieira.com\/index.php\/wp-json\/wp\/v2\/posts\/348","targetHints":{"allow":["GET"]}}],"collection":[{"href":"https:\/\/www.acumieira.com\/index.php\/wp-json\/wp\/v2\/posts"}],"about":[{"href":"https:\/\/www.acumieira.com\/index.php\/wp-json\/wp\/v2\/types\/post"}],"author":[{"embeddable":true,"href":"https:\/\/www.acumieira.com\/index.php\/wp-json\/wp\/v2\/users\/1"}],"replies":[{"embeddable":true,"href":"https:\/\/www.acumieira.com\/index.php\/wp-json\/wp\/v2\/comments?post=348"}],"version-history":[{"count":3,"href":"https:\/\/www.acumieira.com\/index.php\/wp-json\/wp\/v2\/posts\/348\/revisions"}],"predecessor-version":[{"id":490,"href":"https:\/\/www.acumieira.com\/index.php\/wp-json\/wp\/v2\/posts\/348\/revisions\/490"}],"wp:attachment":[{"href":"https:\/\/www.acumieira.com\/index.php\/wp-json\/wp\/v2\/media?parent=348"}],"wp:term":[{"taxonomy":"category","embeddable":true,"href":"https:\/\/www.acumieira.com\/index.php\/wp-json\/wp\/v2\/categories?post=348"},{"taxonomy":"post_tag","embeddable":true,"href":"https:\/\/www.acumieira.com\/index.php\/wp-json\/wp\/v2\/tags?post=348"}],"curies":[{"name":"wp","href":"https:\/\/api.w.org\/{rel}","templated":true}]}}